{"id":843,"date":"2019-05-17T20:52:42","date_gmt":"2019-05-17T20:52:42","guid":{"rendered":"https:\/\/www.tk.etf.unsa.ba\/bs\/?p=843"},"modified":"2019-05-24T21:23:24","modified_gmt":"2019-05-24T21:23:24","slug":"may-17-international-day-of-telecommunication-and-information-society","status":"publish","type":"post","link":"https:\/\/www.tk.etf.unsa.ba\/bs\/2019\/05\/may-17-international-day-of-telecommunication-and-information-society\/","title":{"rendered":"17. Maj  &#8211; Svjetski dan telekomunikacija i informacionog dru\u0161tva"},"content":{"rendered":"<p>Spoljnotrgovinska komora Bosne i Hercegovine organizovala je\u00a0konferenciju za novinare povodom obilje\u017eavanja 17. maja- Svjetskog dana telekomunikacija i informacionog dru\u0161tva.<\/p>\n<p>Obilje\u017eavanje 50. godi\u0161njice potpisivanja Prve me\u0111unarodne telegrafske konvencije 1865. godine i osnivanja Me\u0111unarodne telekomunikacijske unije (ITU), ove godine se fokusira na temu \u201cPrevazila\u017eenje neuskla\u0111enosti standardizacije\u201d. Standardi ITU nude zajedni\u010dku osnovu za rast i inovacije i na taj na\u010din ubrzavaju napredak ka ciljevima odr\u017eivog razvoja. Oni omogu\u0107avaju interoparibilnost, ekonomiju obima i omogu\u0107avaju pristup globalnim tr\u017ei\u0161tima.<\/p>\n<p>Vi\u0161e detalja na <a href=\"http:\/\/komorabih.ba\/svjetski-dan-telekomunikacija-i-informacionog-drustva-17-maj\/\">http:\/\/komorabih.ba\/svjetski-dan-telekomunikacija-i-informacionog-drustva-17-maj\/<\/a><\/p>","protected":false},"excerpt":{"rendered":"<p>Spoljnotrgovinska komora Bosne i Hercegovine organizovala je\u00a0konferenciju za novinare povodom obilje\u017eavanja 17. maja- Svjetskog dana telekomunikacija i informacionog dru\u0161tva. Obilje\u017eavanje 50. godi\u0161njice potpisivanja Prve me\u0111unarodne telegrafske konvencije 1865. godine i osnivanja Me\u0111unarodne telekomunikacijske unije (ITU), ove godine se fokusira na temu \u201cPrevazila\u017eenje neuskla\u0111enosti standardizacije\u201d. Standardi ITU nude zajedni\u010dku osnovu za rast i inovacije i na&#8230; <\/p>\n<div class=\"clear\"><\/div>\n<p><a href=\"https:\/\/www.tk.etf.unsa.ba\/bs\/2019\/05\/may-17-international-day-of-telecommunication-and-information-society\/\" class=\"excerpt-read-more\">Continue Reading<i class=\"fa fa-long-arrow-right icon-long-arrow-right\"><\/i><\/a><\/p>\n","protected":false},"author":1,"featured_media":0,"comment_status":"closed","ping_status":"closed","sticky":false,"template":"","format":"standard","meta":{"_acf_changed":false,"footnotes":""},"categories":[11],"tags":[12],"class_list":["post-843","post","type-post","status-publish","format-standard","hentry","category-naslovna-najavna-listanews-announcements","tag-novosti-najaveupcoming-events"],"acf":[],"_links":{"self":[{"href":"https:\/\/www.tk.etf.unsa.ba\/bs\/wp-json\/wp\/v2\/posts\/843","targetHints":{"allow":["GET"]}}],"collection":[{"href":"https:\/\/www.tk.etf.unsa.ba\/bs\/wp-json\/wp\/v2\/posts"}],"about":[{"href":"https:\/\/www.tk.etf.unsa.ba\/bs\/wp-json\/wp\/v2\/types\/post"}],"author":[{"embeddable":true,"href":"https:\/\/www.tk.etf.unsa.ba\/bs\/wp-json\/wp\/v2\/users\/1"}],"replies":[{"embeddable":true,"href":"https:\/\/www.tk.etf.unsa.ba\/bs\/wp-json\/wp\/v2\/comments?post=843"}],"version-history":[{"count":1,"href":"https:\/\/www.tk.etf.unsa.ba\/bs\/wp-json\/wp\/v2\/posts\/843\/revisions"}],"predecessor-version":[{"id":844,"href":"https:\/\/www.tk.etf.unsa.ba\/bs\/wp-json\/wp\/v2\/posts\/843\/revisions\/844"}],"wp:attachment":[{"href":"https:\/\/www.tk.etf.unsa.ba\/bs\/wp-json\/wp\/v2\/media?parent=843"}],"wp:term":[{"taxonomy":"category","embeddable":true,"href":"https:\/\/www.tk.etf.unsa.ba\/bs\/wp-json\/wp\/v2\/categories?post=843"},{"taxonomy":"post_tag","embeddable":true,"href":"https:\/\/www.tk.etf.unsa.ba\/bs\/wp-json\/wp\/v2\/tags?post=843"}],"curies":[{"name":"wp","href":"https:\/\/api.w.org\/{rel}","templated":true}]}}